{"id":6231,"date":"2026-04-24T08:56:42","date_gmt":"2026-04-24T11:56:42","guid":{"rendered":"https:\/\/mpagro.com.br\/blog\/?p=6231"},"modified":"2026-04-24T08:56:46","modified_gmt":"2026-04-24T11:56:46","slug":"amazone-compra-mp-agro","status":"publish","type":"post","link":"https:\/\/mpagro.com.br\/blog\/noticias\/amazone-compra-mp-agro\/","title":{"rendered":"Amazone compra MP Agro: gigante alem\u00e3 de implementos agr\u00edcolas chega ao Brasil"},"content":{"rendered":"\n<p>O mercado de&nbsp;implementos agr\u00edcolas&nbsp;no Brasil acaba de ganhar um novo e poderoso cap\u00edtulo. A Amazone, fabricante alem\u00e3 com mais de 140 anos de hist\u00f3ria no setor, anunciou a aquisi\u00e7\u00e3o da MP Agro, empresa brasileira especializada em tecnologia de fertiliza\u00e7\u00e3o fundada em Ibat\u00e9, no interior de S\u00e3o Paulo.&nbsp;&nbsp;<\/p>\n\n\n\n<p>A&nbsp;aquisi\u00e7\u00e3o&nbsp;une dois mundos complementares: o profundo conhecimento do mercado local da MP Agro e a tradi\u00e7\u00e3o de inova\u00e7\u00e3o e precis\u00e3o da gigante europeia.&nbsp;&nbsp;<\/p>\n\n\n\n<p><\/p>\n\n\n\n<h2 class=\"wp-block-heading\"><strong>Quem \u00e9 a Amazone? Uma tradi\u00e7\u00e3o alem\u00e3 de mais de 140 anos<\/strong><\/h2>\n\n\n\n<p><\/p>\n\n\n\n<figure class=\"wp-block-image size-large\"><img loading=\"lazy\" decoding=\"async\" width=\"1024\" height=\"767\" data-src=\"https:\/\/mpagro.com.br\/blog\/wp-content\/uploads\/2026\/04\/Luftbilder-Leipzig-BBG-2023-1024x767.jpg\" alt=\"Parque fabril da Amazone na Alemanha. \" class=\"wp-image-6234 lazyload\" data-srcset=\"https:\/\/mpagro.com.br\/blog\/wp-content\/uploads\/2026\/04\/Luftbilder-Leipzig-BBG-2023-1024x767.jpg 1024w, https:\/\/mpagro.com.br\/blog\/wp-content\/uploads\/2026\/04\/Luftbilder-Leipzig-BBG-2023-300x225.jpg 300w, https:\/\/mpagro.com.br\/blog\/wp-content\/uploads\/2026\/04\/Luftbilder-Leipzig-BBG-2023-768x575.jpg 768w, https:\/\/mpagro.com.br\/blog\/wp-content\/uploads\/2026\/04\/Luftbilder-Leipzig-BBG-2023-1536x1150.jpg 1536w, https:\/\/mpagro.com.br\/blog\/wp-content\/uploads\/2026\/04\/Luftbilder-Leipzig-BBG-2023-2048x1534.jpg 2048w, https:\/\/mpagro.com.br\/blog\/wp-content\/uploads\/2026\/04\/Luftbilder-Leipzig-BBG-2023-360x270.jpg 360w\" data-sizes=\"auto, (max-width: 1024px) 100vw, 1024px\" src=\"data:image\/gif;base64,R0lGODlhAQABAAAAACH5BAEKAAEALAAAAAABAAEAAAICTAEAOw==\" style=\"--smush-placeholder-width: 1024px; --smush-placeholder-aspect-ratio: 1024\/767;\" \/><noscript><img loading=\"lazy\" decoding=\"async\" width=\"1024\" height=\"767\" src=\"https:\/\/mpagro.com.br\/blog\/wp-content\/uploads\/2026\/04\/Luftbilder-Leipzig-BBG-2023-1024x767.jpg\" alt=\"Parque fabril da Amazone na Alemanha. \" class=\"wp-image-6234\" srcset=\"https:\/\/mpagro.com.br\/blog\/wp-content\/uploads\/2026\/04\/Luftbilder-Leipzig-BBG-2023-1024x767.jpg 1024w, https:\/\/mpagro.com.br\/blog\/wp-content\/uploads\/2026\/04\/Luftbilder-Leipzig-BBG-2023-300x225.jpg 300w, https:\/\/mpagro.com.br\/blog\/wp-content\/uploads\/2026\/04\/Luftbilder-Leipzig-BBG-2023-768x575.jpg 768w, https:\/\/mpagro.com.br\/blog\/wp-content\/uploads\/2026\/04\/Luftbilder-Leipzig-BBG-2023-1536x1150.jpg 1536w, https:\/\/mpagro.com.br\/blog\/wp-content\/uploads\/2026\/04\/Luftbilder-Leipzig-BBG-2023-2048x1534.jpg 2048w, https:\/\/mpagro.com.br\/blog\/wp-content\/uploads\/2026\/04\/Luftbilder-Leipzig-BBG-2023-360x270.jpg 360w\" sizes=\"auto, (max-width: 1024px) 100vw, 1024px\" \/><\/noscript><\/figure>\n\n\n\n<p><\/p>\n\n\n\n<p>A Amazone, com sede em&nbsp;Hasbergen-Gaste, na Alemanha, fabrica m\u00e1quinas agr\u00edcolas e municipais. A empresa, administrada pelos&nbsp;sucessores dos fundadores, emprega mais de 2.500 pessoas em nove locais de produ\u00e7\u00e3o diferentes.&nbsp;<\/p>\n\n\n\n<p>Seu portf\u00f3lio \u00e9 vasto e consolidado globalmente&nbsp;em uma&nbsp;linha de m\u00e1quinas agr\u00edcolas&nbsp;que&nbsp;inclui equipamentos para:&nbsp;&nbsp;<\/p>\n\n\n\n<ul class=\"wp-block-list\">\n<li>Cultivo de solo;\u00a0<\/li>\n<\/ul>\n\n\n\n<ul class=\"wp-block-list\">\n<li>Semeadeiras;\u00a0<\/li>\n<\/ul>\n\n\n\n<ul class=\"wp-block-list\">\n<li>Distribuidores de fertilizantes\u00a0<\/li>\n<\/ul>\n\n\n\n<ul class=\"wp-block-list\">\n<li>Equipamentos de prote\u00e7\u00e3o fitossanit\u00e1ria;\u00a0\u00a0<\/li>\n<\/ul>\n\n\n\n<ul class=\"wp-block-list\">\n<li>Enxada mec\u00e2nica.\u00a0\u00a0<\/li>\n<\/ul>\n\n\n\n<p>Com base nessas compet\u00eancias, a Amazone se posicionou ao longo das d\u00e9cadas como refer\u00eancia mundial em &#8220;produ\u00e7\u00e3o inteligente de culturas&#8221; \u2014 um conceito que alia efici\u00eancia operacional, redu\u00e7\u00e3o de custos e uso racional de insumos no campo.&nbsp;<\/p>\n\n\n\n<p>A empresa \u00e9 controlada pela fam\u00edlia Dreyer h\u00e1 quatro gera\u00e7\u00f5es, o que garante uma cultura de continuidade, vis\u00e3o de longo prazo e compromisso constante com a inova\u00e7\u00e3o. Presente em dezenas de pa\u00edses, a expans\u00e3o para a Am\u00e9rica do Sul representa um passo estrat\u00e9gico diante do crescimento do agroneg\u00f3cio brasileiro nos \u00faltimos anos.<\/p>\n\n\n\n<p><\/p>\n\n\n\n<h2 class=\"wp-block-heading\"><strong>Quem \u00e9 a MP Agro? Inova\u00e7\u00e3o brasileira desde 2012<\/strong>\u00a0<\/h2>\n\n\n\n<p><\/p>\n\n\n\n<figure class=\"wp-block-image size-full is-resized\"><img loading=\"lazy\" decoding=\"async\" width=\"800\" height=\"533\" data-src=\"https:\/\/mpagro.com.br\/blog\/wp-content\/uploads\/2026\/04\/distribuidor-calcareadeira-taurusrobust30000-mpagro-1.png\" alt=\"Taurus Robust produzido pela MP Agro.\" class=\"wp-image-6235 lazyload\" style=\"--smush-placeholder-width: 800px; --smush-placeholder-aspect-ratio: 800\/533;width:880px;height:auto\" data-srcset=\"https:\/\/mpagro.com.br\/blog\/wp-content\/uploads\/2026\/04\/distribuidor-calcareadeira-taurusrobust30000-mpagro-1.png 800w, https:\/\/mpagro.com.br\/blog\/wp-content\/uploads\/2026\/04\/distribuidor-calcareadeira-taurusrobust30000-mpagro-1-300x200.png 300w, https:\/\/mpagro.com.br\/blog\/wp-content\/uploads\/2026\/04\/distribuidor-calcareadeira-taurusrobust30000-mpagro-1-768x512.png 768w, https:\/\/mpagro.com.br\/blog\/wp-content\/uploads\/2026\/04\/distribuidor-calcareadeira-taurusrobust30000-mpagro-1-360x240.png 360w\" data-sizes=\"auto, (max-width: 800px) 100vw, 800px\" src=\"data:image\/gif;base64,R0lGODlhAQABAAAAACH5BAEKAAEALAAAAAABAAEAAAICTAEAOw==\" \/><noscript><img loading=\"lazy\" decoding=\"async\" width=\"800\" height=\"533\" src=\"https:\/\/mpagro.com.br\/blog\/wp-content\/uploads\/2026\/04\/distribuidor-calcareadeira-taurusrobust30000-mpagro-1.png\" alt=\"Taurus Robust produzido pela MP Agro.\" class=\"wp-image-6235\" style=\"width:880px;height:auto\" srcset=\"https:\/\/mpagro.com.br\/blog\/wp-content\/uploads\/2026\/04\/distribuidor-calcareadeira-taurusrobust30000-mpagro-1.png 800w, https:\/\/mpagro.com.br\/blog\/wp-content\/uploads\/2026\/04\/distribuidor-calcareadeira-taurusrobust30000-mpagro-1-300x200.png 300w, https:\/\/mpagro.com.br\/blog\/wp-content\/uploads\/2026\/04\/distribuidor-calcareadeira-taurusrobust30000-mpagro-1-768x512.png 768w, https:\/\/mpagro.com.br\/blog\/wp-content\/uploads\/2026\/04\/distribuidor-calcareadeira-taurusrobust30000-mpagro-1-360x240.png 360w\" sizes=\"auto, (max-width: 800px) 100vw, 800px\" \/><\/noscript><\/figure>\n\n\n\n<p><\/p>\n\n\n\n<p>A MP Agro \u00e9 uma empresa brasileira fundada em 2012, produtora de implementos agr\u00edcolas como distribuidores, carretas graneleiras e calda-pronta, e pioneira na transforma\u00e7\u00e3o de pulverizadores em distribuidores.&nbsp;Tudo isso fabricado 100% em a\u00e7o inox.&nbsp;<\/p>\n\n\n\n<p>Em pouco mais de uma d\u00e9cada de atua\u00e7\u00e3o, a empresa construiu uma reputa\u00e7\u00e3o s\u00f3lida no mercado nacional. A MP Agro \u00e9 reconhecida pela alta qualidade e confiabilidade de seus produtos, com forte rede de parceiros de distribui\u00e7\u00e3o em todo o Brasil.&nbsp;&nbsp;<\/p>\n\n\n\n<p>Sua especialidade est\u00e1 na fertiliza\u00e7\u00e3o de precis\u00e3o: solu\u00e7\u00f5es que permitem ao produtor aplicar o insumo certo, na quantidade certa, no momento certo&nbsp;e, assim,&nbsp;reduzir o&nbsp;desperd\u00edcio e aumentar&nbsp;a produtividade por hectare.<\/p>\n\n\n\n<p><\/p>\n\n\n\n<h2 class=\"wp-block-heading\"><strong>Como funciona a&nbsp;aquisi\u00e7\u00e3o: continuidade com evolu\u00e7\u00e3o<\/strong>&nbsp;<\/h2>\n\n\n\n<p><\/p>\n\n\n\n<p>Um ponto fundamental desta aquisi\u00e7\u00e3o \u00e9 que ela n\u00e3o representa uma ruptura, mas sim uma evolu\u00e7\u00e3o. O portf\u00f3lio da MP Agro segue intacto, assim como suas instala\u00e7\u00f5es e toda a sua equipe.&nbsp;&nbsp;<\/p>\n\n\n\n<p>A l\u00f3gica\u00a0\u00e9 clara: a MP Agro traz uma equipe jovem, altamente motivada e din\u00e2mica, focada nos segmentos de fertiliza\u00e7\u00e3o e com profundo conhecimento de mercado no Brasil.\u00a0<\/p>\n\n\n\n<p>Por outro lado,&nbsp;a Amazone contribui com d\u00e9cadas de pesquisa, tecnologia de ponta e presen\u00e7a global. Nas palavras dos pr\u00f3prios propriet\u00e1rios da Amazone, Christian Dreyer e Justus Dreyer: &#8220;confiamos na equipe da MP Agro e gostar\u00edamos de usar sua experi\u00eancia e proximidade com o mercado para que a Amazone traga nossas tecnologias para o Brasil.&#8221;&nbsp;<\/p>\n\n\n\n<p>Desta forma, o novo slogan que nasce dessa uni\u00e3o resume bem o esp\u00edrito da parceria: Amazone\/MP Agro \u2014\u00a0Precision\u00a0that\u00a0Grows.\u00a0<\/p>\n\n\n\n<p><\/p>\n\n\n\n<h2 class=\"wp-block-heading\"><strong>O que muda para o produtor brasileiro?<\/strong>&nbsp;<\/h2>\n\n\n\n<p><\/p>\n\n\n\n<p>Para quem est\u00e1 no campo, a&nbsp;aquisi\u00e7\u00e3o representa uma oportunidade concreta de acesso a solu\u00e7\u00f5es mais avan\u00e7adas de agricultura de precis\u00e3o. O objetivo da&nbsp;compra&nbsp;\u00e9 oferecer tecnologia agr\u00edcola inovadora da mais alta qualidade e elevar a precis\u00e3o e a sustentabilidade da fertiliza\u00e7\u00e3o a um novo patamar.&nbsp;<\/p>\n\n\n\n<p>Na pr\u00e1tica, isso significa que os produtores brasileiros passar\u00e3o a contar com um portf\u00f3lio ampliado, que combina os implementos consolidados da MP Agro com a tecnologia europeia da Amazone em cultivo de solo, semeadeiras e pulveriza\u00e7\u00e3o.&nbsp;&nbsp;<\/p>\n\n\n\n<p>Entre os diferenciais dessa dupla est\u00e1 o Centro de An\u00e1lise de Fertilizantes (CAF), criado para garantir a m\u00e1xima precis\u00e3o na aplica\u00e7\u00e3o de fertilizantes, onde o produtor envia uma amostra e recebe gratuitamente a regulagem ideal para o seu distribuidor, com recomenda\u00e7\u00f5es dispon\u00edveis pelo aplicativo&nbsp;MySpreader&nbsp;ou de forma manual.&nbsp;<\/p>\n\n\n\n<p>A aquisi\u00e7\u00e3o fortalece a posi\u00e7\u00e3o da Amazone na Am\u00e9rica do Sul e oferece aos agricultores brasileiros acesso a uma gama mais ampla de equipamentos agr\u00edcolas de alta tecnologia e efici\u00eancia.&nbsp;<\/p>\n\n\n\n<p>Como resultado, em um cen\u00e1rio em que o Brasil segue como uma das maiores pot\u00eancias agr\u00edcolas do mundo, contar com implementos de precis\u00e3o n\u00e3o \u00e9 mais um diferencial,\u00a0\u00e9 uma necessidade competitiva. A chegada da Amazone ao pa\u00eds, em parceria com quem j\u00e1 conhece profundamente o campo brasileiro, chega em boa hora.\u00a0<\/p>\n\n\n\n<p><\/p>\n","protected":false},"excerpt":{"rendered":"<p>O mercado de&nbsp;implementos agr\u00edcolas&nbsp;no Brasil acaba de ganhar um novo e poderoso cap\u00edtulo. A Amazone, fabricante alem\u00e3 com mais de 140 anos de hist\u00f3ria no setor, anunciou a aquisi\u00e7\u00e3o da&#8230;<\/p>\n","protected":false},"author":2,"featured_media":6233,"comment_status":"open","ping_status":"open","sticky":false,"template":"","format":"standard","meta":{"_uag_custom_page_level_css":"","_monsterinsights_skip_tracking":false,"_monsterinsights_sitenote_active":false,"_monsterinsights_sitenote_note":"","_monsterinsights_sitenote_category":0,"footnotes":""},"categories":[40],"tags":[95,98,97,96,62],"class_list":{"0":"post-6231","1":"post","2":"type-post","3":"status-publish","4":"format-standard","5":"has-post-thumbnail","7":"category-noticias","8":"tag-amazone","9":"tag-amazone-brasil","10":"tag-empresa-alema","11":"tag-implemento-agricola-2","12":"tag-mp-agro"},"yoast_head":"<!-- This site is optimized with the Yoast SEO plugin v23.6 - https:\/\/yoast.com\/wordpress\/plugins\/seo\/ -->\n<title>Amazone compra MP Agro: alem\u00e3 de implementos agr\u00edcolas chega ao Brasil<\/title>\n<meta name=\"description\" content=\"A Amazone anuncia a aquisi\u00e7\u00e3o da brasileira MP Agro: saiba o que essa aquisi\u00e7\u00e3o significa para o agroneg\u00f3cio nacional e como os produtores ser\u00e3o beneficiados com novas tecnologias e solu\u00e7\u00f5es de alta precis\u00e3o no campo\" \/>\n<meta name=\"robots\" content=\"index, follow, max-snippet:-1, max-image-preview:large, max-video-preview:-1\" \/>\n<link rel=\"canonical\" href=\"https:\/\/mpagro.com.br\/blog\/noticias\/amazone-compra-mp-agro\/\" \/>\n<meta property=\"og:locale\" content=\"pt_BR\" \/>\n<meta property=\"og:type\" content=\"article\" \/>\n<meta property=\"og:title\" content=\"Amazone compra MP Agro: alem\u00e3 de implementos agr\u00edcolas chega ao Brasil\" \/>\n<meta property=\"og:description\" content=\"A Amazone anuncia a aquisi\u00e7\u00e3o da brasileira MP Agro: saiba o que essa aquisi\u00e7\u00e3o significa para o agroneg\u00f3cio nacional e como os produtores ser\u00e3o beneficiados com novas tecnologias e solu\u00e7\u00f5es de alta precis\u00e3o no campo\" \/>\n<meta property=\"og:url\" content=\"https:\/\/mpagro.com.br\/blog\/noticias\/amazone-compra-mp-agro\/\" \/>\n<meta property=\"og:site_name\" content=\"Blog da MP Agro, Inova\u00e7\u00e3o e Tecnologia para a Agricultura.\" \/>\n<meta property=\"article:publisher\" content=\"https:\/\/www.facebook.com\/mp.agro\/\" \/>\n<meta property=\"article:published_time\" content=\"2026-04-24T11:56:42+00:00\" \/>\n<meta property=\"article:modified_time\" content=\"2026-04-24T11:56:46+00:00\" \/>\n<meta property=\"og:image\" content=\"https:\/\/mpagro.com.br\/blog\/wp-content\/uploads\/2026\/04\/facebook_02.jpg\" \/>\n\t<meta property=\"og:image:width\" content=\"820\" \/>\n\t<meta property=\"og:image:height\" content=\"462\" \/>\n\t<meta property=\"og:image:type\" content=\"image\/jpeg\" \/>\n<meta name=\"author\" content=\"Mpagro\" \/>\n<meta name=\"twitter:card\" content=\"summary_large_image\" \/>\n<meta name=\"twitter:label1\" content=\"Escrito por\" \/>\n\t<meta name=\"twitter:data1\" content=\"Mpagro\" \/>\n\t<meta name=\"twitter:label2\" content=\"Est. tempo de leitura\" \/>\n\t<meta name=\"twitter:data2\" content=\"5 minutos\" \/>\n<script type=\"application\/ld+json\" class=\"yoast-schema-graph\">{\"@context\":\"https:\/\/schema.org\",\"@graph\":[{\"@type\":\"Article\",\"@id\":\"https:\/\/mpagro.com.br\/blog\/noticias\/amazone-compra-mp-agro\/#article\",\"isPartOf\":{\"@id\":\"https:\/\/mpagro.com.br\/blog\/noticias\/amazone-compra-mp-agro\/\"},\"author\":{\"name\":\"Mpagro\",\"@id\":\"https:\/\/mpagro.com.br\/blog\/#\/schema\/person\/cd2e6960e0683cba4d59e0e247feffdb\"},\"headline\":\"Amazone compra MP Agro: gigante alem\u00e3 de implementos agr\u00edcolas chega ao Brasil\",\"datePublished\":\"2026-04-24T11:56:42+00:00\",\"dateModified\":\"2026-04-24T11:56:46+00:00\",\"mainEntityOfPage\":{\"@id\":\"https:\/\/mpagro.com.br\/blog\/noticias\/amazone-compra-mp-agro\/\"},\"wordCount\":850,\"commentCount\":0,\"publisher\":{\"@id\":\"https:\/\/mpagro.com.br\/blog\/#organization\"},\"image\":{\"@id\":\"https:\/\/mpagro.com.br\/blog\/noticias\/amazone-compra-mp-agro\/#primaryimage\"},\"thumbnailUrl\":\"https:\/\/mpagro.com.br\/blog\/wp-content\/uploads\/2026\/04\/facebook_02.jpg\",\"keywords\":[\"amazone\",\"Amazone Brasil\",\"empresa alem\u00e3\",\"implemento agr\u00edcola\",\"MP Agro\"],\"articleSection\":[\"Not\u00edcias\"],\"inLanguage\":\"pt-BR\",\"potentialAction\":[{\"@type\":\"CommentAction\",\"name\":\"Comment\",\"target\":[\"https:\/\/mpagro.com.br\/blog\/noticias\/amazone-compra-mp-agro\/#respond\"]}]},{\"@type\":\"WebPage\",\"@id\":\"https:\/\/mpagro.com.br\/blog\/noticias\/amazone-compra-mp-agro\/\",\"url\":\"https:\/\/mpagro.com.br\/blog\/noticias\/amazone-compra-mp-agro\/\",\"name\":\"Amazone compra MP Agro: alem\u00e3 de implementos agr\u00edcolas chega ao Brasil\",\"isPartOf\":{\"@id\":\"https:\/\/mpagro.com.br\/blog\/#website\"},\"primaryImageOfPage\":{\"@id\":\"https:\/\/mpagro.com.br\/blog\/noticias\/amazone-compra-mp-agro\/#primaryimage\"},\"image\":{\"@id\":\"https:\/\/mpagro.com.br\/blog\/noticias\/amazone-compra-mp-agro\/#primaryimage\"},\"thumbnailUrl\":\"https:\/\/mpagro.com.br\/blog\/wp-content\/uploads\/2026\/04\/facebook_02.jpg\",\"datePublished\":\"2026-04-24T11:56:42+00:00\",\"dateModified\":\"2026-04-24T11:56:46+00:00\",\"description\":\"A Amazone anuncia a aquisi\u00e7\u00e3o da brasileira MP Agro: saiba o que essa aquisi\u00e7\u00e3o significa para o agroneg\u00f3cio nacional e como os produtores ser\u00e3o beneficiados com novas tecnologias e solu\u00e7\u00f5es de alta precis\u00e3o no campo\",\"breadcrumb\":{\"@id\":\"https:\/\/mpagro.com.br\/blog\/noticias\/amazone-compra-mp-agro\/#breadcrumb\"},\"inLanguage\":\"pt-BR\",\"potentialAction\":[{\"@type\":\"ReadAction\",\"target\":[\"https:\/\/mpagro.com.br\/blog\/noticias\/amazone-compra-mp-agro\/\"]}]},{\"@type\":\"ImageObject\",\"inLanguage\":\"pt-BR\",\"@id\":\"https:\/\/mpagro.com.br\/blog\/noticias\/amazone-compra-mp-agro\/#primaryimage\",\"url\":\"https:\/\/mpagro.com.br\/blog\/wp-content\/uploads\/2026\/04\/facebook_02.jpg\",\"contentUrl\":\"https:\/\/mpagro.com.br\/blog\/wp-content\/uploads\/2026\/04\/facebook_02.jpg\",\"width\":820,\"height\":462,\"caption\":\"Imagem de tr\u00eas implementos agr\u00edcolas da Amazone e da MP Agro\"},{\"@type\":\"BreadcrumbList\",\"@id\":\"https:\/\/mpagro.com.br\/blog\/noticias\/amazone-compra-mp-agro\/#breadcrumb\",\"itemListElement\":[{\"@type\":\"ListItem\",\"position\":1,\"name\":\"In\u00edcio\",\"item\":\"https:\/\/mpagro.com.br\/blog\/\"},{\"@type\":\"ListItem\",\"position\":2,\"name\":\"Amazone compra MP Agro: gigante alem\u00e3 de implementos agr\u00edcolas chega ao Brasil\"}]},{\"@type\":\"WebSite\",\"@id\":\"https:\/\/mpagro.com.br\/blog\/#website\",\"url\":\"https:\/\/mpagro.com.br\/blog\/\",\"name\":\"Blog da MP Agro, Inova\u00e7\u00e3o e Tecnologia para a Agricultura.\",\"description\":\"No blog da MP Agro voc\u00ea encontrar\u00e1 conte\u00fados exclusivos sobre maquin\u00e1rios, tecnologia, tend\u00eancias do Agroneg\u00f3cio. Acesse e saiba mais!\",\"publisher\":{\"@id\":\"https:\/\/mpagro.com.br\/blog\/#organization\"},\"potentialAction\":[{\"@type\":\"SearchAction\",\"target\":{\"@type\":\"EntryPoint\",\"urlTemplate\":\"https:\/\/mpagro.com.br\/blog\/?s={search_term_string}\"},\"query-input\":{\"@type\":\"PropertyValueSpecification\",\"valueRequired\":true,\"valueName\":\"search_term_string\"}}],\"inLanguage\":\"pt-BR\"},{\"@type\":\"Organization\",\"@id\":\"https:\/\/mpagro.com.br\/blog\/#organization\",\"name\":\"MP AGRO M\u00c1QUINAS AGR\u00cdCOLAS\",\"url\":\"https:\/\/mpagro.com.br\/blog\/\",\"logo\":{\"@type\":\"ImageObject\",\"inLanguage\":\"pt-BR\",\"@id\":\"https:\/\/mpagro.com.br\/blog\/#\/schema\/logo\/image\/\",\"url\":\"https:\/\/mpagro.com.br\/blog\/wp-content\/uploads\/2021\/07\/logo-mpagro-top-sticky.png\",\"contentUrl\":\"https:\/\/mpagro.com.br\/blog\/wp-content\/uploads\/2021\/07\/logo-mpagro-top-sticky.png\",\"width\":320,\"height\":102,\"caption\":\"MP AGRO M\u00c1QUINAS AGR\u00cdCOLAS\"},\"image\":{\"@id\":\"https:\/\/mpagro.com.br\/blog\/#\/schema\/logo\/image\/\"},\"sameAs\":[\"https:\/\/www.facebook.com\/mp.agro\/\",\"https:\/\/www.instagram.com\/mpagro_\/\",\"https:\/\/www.linkedin.com\/company\/mp-agro-m\u00e1quinas-agr\u00edcolas\/?viewAsMember=true\",\"https:\/\/www.youtube.com\/channel\/UCPDnStFJ8jYtB11kz9pYr5A\"]},{\"@type\":\"Person\",\"@id\":\"https:\/\/mpagro.com.br\/blog\/#\/schema\/person\/cd2e6960e0683cba4d59e0e247feffdb\",\"name\":\"Mpagro\",\"image\":{\"@type\":\"ImageObject\",\"inLanguage\":\"pt-BR\",\"@id\":\"https:\/\/mpagro.com.br\/blog\/#\/schema\/person\/image\/\",\"url\":\"https:\/\/secure.gravatar.com\/avatar\/afc01215fe25e8135eed8ad4269d323701ecc0ef2aa4e96f9ec9a8bb2cc4e78b?s=96&d=mm&r=g\",\"contentUrl\":\"https:\/\/secure.gravatar.com\/avatar\/afc01215fe25e8135eed8ad4269d323701ecc0ef2aa4e96f9ec9a8bb2cc4e78b?s=96&d=mm&r=g\",\"caption\":\"Mpagro\"},\"url\":\"https:\/\/mpagro.com.br\/blog\/author\/mpagro\/\"}]}<\/script>\n<!-- \/ Yoast SEO plugin. -->","yoast_head_json":{"title":"Amazone compra MP Agro: alem\u00e3 de implementos agr\u00edcolas chega ao Brasil","description":"A Amazone anuncia a aquisi\u00e7\u00e3o da brasileira MP Agro: saiba o que essa aquisi\u00e7\u00e3o significa para o agroneg\u00f3cio nacional e como os produtores ser\u00e3o beneficiados com novas tecnologias e solu\u00e7\u00f5es de alta precis\u00e3o no campo","robots":{"index":"index","follow":"follow","max-snippet":"max-snippet:-1","max-image-preview":"max-image-preview:large","max-video-preview":"max-video-preview:-1"},"canonical":"https:\/\/mpagro.com.br\/blog\/noticias\/amazone-compra-mp-agro\/","og_locale":"pt_BR","og_type":"article","og_title":"Amazone compra MP Agro: alem\u00e3 de implementos agr\u00edcolas chega ao Brasil","og_description":"A Amazone anuncia a aquisi\u00e7\u00e3o da brasileira MP Agro: saiba o que essa aquisi\u00e7\u00e3o significa para o agroneg\u00f3cio nacional e como os produtores ser\u00e3o beneficiados com novas tecnologias e solu\u00e7\u00f5es de alta precis\u00e3o no campo","og_url":"https:\/\/mpagro.com.br\/blog\/noticias\/amazone-compra-mp-agro\/","og_site_name":"Blog da MP Agro, Inova\u00e7\u00e3o e Tecnologia para a Agricultura.","article_publisher":"https:\/\/www.facebook.com\/mp.agro\/","article_published_time":"2026-04-24T11:56:42+00:00","article_modified_time":"2026-04-24T11:56:46+00:00","og_image":[{"width":820,"height":462,"url":"https:\/\/mpagro.com.br\/blog\/wp-content\/uploads\/2026\/04\/facebook_02.jpg","type":"image\/jpeg"}],"author":"Mpagro","twitter_card":"summary_large_image","twitter_misc":{"Escrito por":"Mpagro","Est. tempo de leitura":"5 minutos"},"schema":{"@context":"https:\/\/schema.org","@graph":[{"@type":"Article","@id":"https:\/\/mpagro.com.br\/blog\/noticias\/amazone-compra-mp-agro\/#article","isPartOf":{"@id":"https:\/\/mpagro.com.br\/blog\/noticias\/amazone-compra-mp-agro\/"},"author":{"name":"Mpagro","@id":"https:\/\/mpagro.com.br\/blog\/#\/schema\/person\/cd2e6960e0683cba4d59e0e247feffdb"},"headline":"Amazone compra MP Agro: gigante alem\u00e3 de implementos agr\u00edcolas chega ao Brasil","datePublished":"2026-04-24T11:56:42+00:00","dateModified":"2026-04-24T11:56:46+00:00","mainEntityOfPage":{"@id":"https:\/\/mpagro.com.br\/blog\/noticias\/amazone-compra-mp-agro\/"},"wordCount":850,"commentCount":0,"publisher":{"@id":"https:\/\/mpagro.com.br\/blog\/#organization"},"image":{"@id":"https:\/\/mpagro.com.br\/blog\/noticias\/amazone-compra-mp-agro\/#primaryimage"},"thumbnailUrl":"https:\/\/mpagro.com.br\/blog\/wp-content\/uploads\/2026\/04\/facebook_02.jpg","keywords":["amazone","Amazone Brasil","empresa alem\u00e3","implemento agr\u00edcola","MP Agro"],"articleSection":["Not\u00edcias"],"inLanguage":"pt-BR","potentialAction":[{"@type":"CommentAction","name":"Comment","target":["https:\/\/mpagro.com.br\/blog\/noticias\/amazone-compra-mp-agro\/#respond"]}]},{"@type":"WebPage","@id":"https:\/\/mpagro.com.br\/blog\/noticias\/amazone-compra-mp-agro\/","url":"https:\/\/mpagro.com.br\/blog\/noticias\/amazone-compra-mp-agro\/","name":"Amazone compra MP Agro: alem\u00e3 de implementos agr\u00edcolas chega ao Brasil","isPartOf":{"@id":"https:\/\/mpagro.com.br\/blog\/#website"},"primaryImageOfPage":{"@id":"https:\/\/mpagro.com.br\/blog\/noticias\/amazone-compra-mp-agro\/#primaryimage"},"image":{"@id":"https:\/\/mpagro.com.br\/blog\/noticias\/amazone-compra-mp-agro\/#primaryimage"},"thumbnailUrl":"https:\/\/mpagro.com.br\/blog\/wp-content\/uploads\/2026\/04\/facebook_02.jpg","datePublished":"2026-04-24T11:56:42+00:00","dateModified":"2026-04-24T11:56:46+00:00","description":"A Amazone anuncia a aquisi\u00e7\u00e3o da brasileira MP Agro: saiba o que essa aquisi\u00e7\u00e3o significa para o agroneg\u00f3cio nacional e como os produtores ser\u00e3o beneficiados com novas tecnologias e solu\u00e7\u00f5es de alta precis\u00e3o no campo","breadcrumb":{"@id":"https:\/\/mpagro.com.br\/blog\/noticias\/amazone-compra-mp-agro\/#breadcrumb"},"inLanguage":"pt-BR","potentialAction":[{"@type":"ReadAction","target":["https:\/\/mpagro.com.br\/blog\/noticias\/amazone-compra-mp-agro\/"]}]},{"@type":"ImageObject","inLanguage":"pt-BR","@id":"https:\/\/mpagro.com.br\/blog\/noticias\/amazone-compra-mp-agro\/#primaryimage","url":"https:\/\/mpagro.com.br\/blog\/wp-content\/uploads\/2026\/04\/facebook_02.jpg","contentUrl":"https:\/\/mpagro.com.br\/blog\/wp-content\/uploads\/2026\/04\/facebook_02.jpg","width":820,"height":462,"caption":"Imagem de tr\u00eas implementos agr\u00edcolas da Amazone e da MP Agro"},{"@type":"BreadcrumbList","@id":"https:\/\/mpagro.com.br\/blog\/noticias\/amazone-compra-mp-agro\/#breadcrumb","itemListElement":[{"@type":"ListItem","position":1,"name":"In\u00edcio","item":"https:\/\/mpagro.com.br\/blog\/"},{"@type":"ListItem","position":2,"name":"Amazone compra MP Agro: gigante alem\u00e3 de implementos agr\u00edcolas chega ao Brasil"}]},{"@type":"WebSite","@id":"https:\/\/mpagro.com.br\/blog\/#website","url":"https:\/\/mpagro.com.br\/blog\/","name":"Blog da MP Agro, Inova\u00e7\u00e3o e Tecnologia para a Agricultura.","description":"No blog da MP Agro voc\u00ea encontrar\u00e1 conte\u00fados exclusivos sobre maquin\u00e1rios, tecnologia, tend\u00eancias do Agroneg\u00f3cio. Acesse e saiba mais!","publisher":{"@id":"https:\/\/mpagro.com.br\/blog\/#organization"},"potentialAction":[{"@type":"SearchAction","target":{"@type":"EntryPoint","urlTemplate":"https:\/\/mpagro.com.br\/blog\/?s={search_term_string}"},"query-input":{"@type":"PropertyValueSpecification","valueRequired":true,"valueName":"search_term_string"}}],"inLanguage":"pt-BR"},{"@type":"Organization","@id":"https:\/\/mpagro.com.br\/blog\/#organization","name":"MP AGRO M\u00c1QUINAS AGR\u00cdCOLAS","url":"https:\/\/mpagro.com.br\/blog\/","logo":{"@type":"ImageObject","inLanguage":"pt-BR","@id":"https:\/\/mpagro.com.br\/blog\/#\/schema\/logo\/image\/","url":"https:\/\/mpagro.com.br\/blog\/wp-content\/uploads\/2021\/07\/logo-mpagro-top-sticky.png","contentUrl":"https:\/\/mpagro.com.br\/blog\/wp-content\/uploads\/2021\/07\/logo-mpagro-top-sticky.png","width":320,"height":102,"caption":"MP AGRO M\u00c1QUINAS AGR\u00cdCOLAS"},"image":{"@id":"https:\/\/mpagro.com.br\/blog\/#\/schema\/logo\/image\/"},"sameAs":["https:\/\/www.facebook.com\/mp.agro\/","https:\/\/www.instagram.com\/mpagro_\/","https:\/\/www.linkedin.com\/company\/mp-agro-m\u00e1quinas-agr\u00edcolas\/?viewAsMember=true","https:\/\/www.youtube.com\/channel\/UCPDnStFJ8jYtB11kz9pYr5A"]},{"@type":"Person","@id":"https:\/\/mpagro.com.br\/blog\/#\/schema\/person\/cd2e6960e0683cba4d59e0e247feffdb","name":"Mpagro","image":{"@type":"ImageObject","inLanguage":"pt-BR","@id":"https:\/\/mpagro.com.br\/blog\/#\/schema\/person\/image\/","url":"https:\/\/secure.gravatar.com\/avatar\/afc01215fe25e8135eed8ad4269d323701ecc0ef2aa4e96f9ec9a8bb2cc4e78b?s=96&d=mm&r=g","contentUrl":"https:\/\/secure.gravatar.com\/avatar\/afc01215fe25e8135eed8ad4269d323701ecc0ef2aa4e96f9ec9a8bb2cc4e78b?s=96&d=mm&r=g","caption":"Mpagro"},"url":"https:\/\/mpagro.com.br\/blog\/author\/mpagro\/"}]}},"uagb_featured_image_src":{"full":["https:\/\/mpagro.com.br\/blog\/wp-content\/uploads\/2026\/04\/facebook_02.jpg",820,462,false],"thumbnail":["https:\/\/mpagro.com.br\/blog\/wp-content\/uploads\/2026\/04\/facebook_02-150x150.jpg",150,150,true],"medium":["https:\/\/mpagro.com.br\/blog\/wp-content\/uploads\/2026\/04\/facebook_02-300x169.jpg",300,169,true],"medium_large":["https:\/\/mpagro.com.br\/blog\/wp-content\/uploads\/2026\/04\/facebook_02-768x433.jpg",768,433,true],"large":["https:\/\/mpagro.com.br\/blog\/wp-content\/uploads\/2026\/04\/facebook_02.jpg",820,462,false],"1536x1536":["https:\/\/mpagro.com.br\/blog\/wp-content\/uploads\/2026\/04\/facebook_02.jpg",820,462,false],"2048x2048":["https:\/\/mpagro.com.br\/blog\/wp-content\/uploads\/2026\/04\/facebook_02.jpg",820,462,false],"davenport-blog-thumb":["https:\/\/mpagro.com.br\/blog\/wp-content\/uploads\/2026\/04\/facebook_02.jpg",820,462,false],"davenport-blog-thumb-grid":["https:\/\/mpagro.com.br\/blog\/wp-content\/uploads\/2026\/04\/facebook_02-555x360.jpg",555,360,true],"davenport-blog-thumb-widget":["https:\/\/mpagro.com.br\/blog\/wp-content\/uploads\/2026\/04\/facebook_02-220x180.jpg",220,180,true],"davenport-blog-thumb-masonry":["https:\/\/mpagro.com.br\/blog\/wp-content\/uploads\/2026\/04\/facebook_02-360x203.jpg",360,203,true]},"uagb_author_info":{"display_name":"Mpagro","author_link":"https:\/\/mpagro.com.br\/blog\/author\/mpagro\/"},"uagb_comment_info":0,"uagb_excerpt":"O mercado de&nbsp;implementos agr\u00edcolas&nbsp;no Brasil acaba de ganhar um novo e poderoso cap\u00edtulo. A Amazone, fabricante alem\u00e3 com mais de 140 anos de hist\u00f3ria no setor, anunciou a aquisi\u00e7\u00e3o da...","amp_enabled":true,"_links":{"self":[{"href":"https:\/\/mpagro.com.br\/blog\/wp-json\/wp\/v2\/posts\/6231","targetHints":{"allow":["GET"]}}],"collection":[{"href":"https:\/\/mpagro.com.br\/blog\/wp-json\/wp\/v2\/posts"}],"about":[{"href":"https:\/\/mpagro.com.br\/blog\/wp-json\/wp\/v2\/types\/post"}],"author":[{"embeddable":true,"href":"https:\/\/mpagro.com.br\/blog\/wp-json\/wp\/v2\/users\/2"}],"replies":[{"embeddable":true,"href":"https:\/\/mpagro.com.br\/blog\/wp-json\/wp\/v2\/comments?post=6231"}],"version-history":[{"count":2,"href":"https:\/\/mpagro.com.br\/blog\/wp-json\/wp\/v2\/posts\/6231\/revisions"}],"predecessor-version":[{"id":6237,"href":"https:\/\/mpagro.com.br\/blog\/wp-json\/wp\/v2\/posts\/6231\/revisions\/6237"}],"wp:featuredmedia":[{"embeddable":true,"href":"https:\/\/mpagro.com.br\/blog\/wp-json\/wp\/v2\/media\/6233"}],"wp:attachment":[{"href":"https:\/\/mpagro.com.br\/blog\/wp-json\/wp\/v2\/media?parent=6231"}],"wp:term":[{"taxonomy":"category","embeddable":true,"href":"https:\/\/mpagro.com.br\/blog\/wp-json\/wp\/v2\/categories?post=6231"},{"taxonomy":"post_tag","embeddable":true,"href":"https:\/\/mpagro.com.br\/blog\/wp-json\/wp\/v2\/tags?post=6231"}],"curies":[{"name":"wp","href":"https:\/\/api.w.org\/{rel}","templated":true}]}}